{"id":654,"date":"2013-02-06T22:50:42","date_gmt":"2013-02-06T21:50:42","guid":{"rendered":"http:\/\/dereformasenalicante.com\/blog\/?p=654"},"modified":"2013-02-06T23:21:28","modified_gmt":"2013-02-06T22:21:28","slug":"reformas-en-buhardillas","status":"publish","type":"post","link":"https:\/\/www.dereformasenalicante.com\/blog\/index.php\/reformas-en-buhardillas\/","title":{"rendered":"Reformas en Buhardillas"},"content":{"rendered":"<h1>\u00bfEst\u00e1 pensando en realizar una reforma en su buhardilla en Alicante? \u00bfNecesita aprovechar los espacios muertos de su buhardilla?<\/h1>\n<p>La buhardilla de una casa es un lugar muy vers\u00e1til. Una buhardilla puede convertirse en un estudio, una sala de juegos para los m\u00e1s peque\u00f1os, una habitaci\u00f3n, una sala de lectura, un sal\u00f3n\u2026\u00a0 En muchas ocasiones, reformar una buhardilla puede convertirse en un verdadero reto por las m\u00faltiples particularidades de este tipo de habitaciones.<a href=\"https:\/\/www.dereformasenalicante.com\/blog\/wp-content\/uploads\/2013\/02\/buhardilla2.jpg\"><img loading=\"lazy\" class=\"alignleft size-medium wp-image-667\" title=\"buhardilla\" src=\"https:\/\/www.dereformasenalicante.com\/blog\/wp-content\/uploads\/2013\/02\/buhardilla2-300x225.jpg\" alt=\"Reforma de buhardilla estilo r\u00fastico\" width=\"300\" height=\"225\" srcset=\"https:\/\/www.dereformasenalicante.com\/blog\/wp-content\/uploads\/2013\/02\/buhardilla2-300x225.jpg 300w, https:\/\/www.dereformasenalicante.com\/blog\/wp-content\/uploads\/2013\/02\/buhardilla2.jpg 640w\" sizes=\"(max-width: 300px) 100vw, 300px\" \/><\/a><\/p>\n<p>Una de las primeras cosas a tener en cuenta a la hora de <a title=\"Reformar buhardilla Alicante\" href=\"https:\/\/www.dereformasenalicante.com\/blog\/index.php\/reformas-en-buhardillas\/\" target=\"_blank\">reformar su buhardilla en Alicante<\/a>,\u00a0 es la disposici\u00f3n de las ventanas. Una buena elecci\u00f3n de los puntos de luz y las ventanas es la clave para este tipo de estancias ya que\u00a0 estas habitaciones tienen la ventaja de ser espacios de luz natural que no deben desaprovecharse.<\/p>\n<p>Las buhardillas suelen ser espacios que no est\u00e1n preparados para ser habitados. Resultan imprescindibles realizar un aislamiento t\u00e9rmico y ac\u00fastico. Adem\u00e1s, es fundamental\u00a0 un aislamiento que evite filtraciones de agua. Uno de los sistemas m\u00e1s comunes est\u00e1 formado por una subestructura met\u00e1lica, un aislamiento t\u00e9rmico y tejas.<\/p>\n<p>La elecci\u00f3n de una buena pintura tambi\u00e9n es muy importante. Una opci\u00f3n para generar una sensaci\u00f3n de amplitud y luminosidad a las buhardillas en Alicante es pintar las vigas integradas con tonos pastel. As\u00ed evitaremos sentir la sensaci\u00f3n de agobio generada a menudo por los techos bajos. Sin embargo, muchas personas prefieren mantener el color original de la madera que confiere un aspecto r\u00fastico a la habitaci\u00f3n.<\/p>\n<p>Una de las mejores soluciones para aprovechar al m\u00e1ximo los rincones muertos son las estanter\u00edas hechas a medida. Estas pueden ser de madera o incluso de obra (integradas en la pared). La distribuci\u00f3n de las mismas depender\u00e1 del uso que se vaya a dar (libros, pel\u00edculas, juguetes, elementos decorativos\u2026)<\/p>\n<p>A la hora de elegir el resto de mobiliario, es muy recomendable contar con la ayuda de un interiorista para as\u00ed sacarle el m\u00e1ximo partido a nuestra estancia.\u00a0 El color de la pintura,\u00a0 el tipo de mueble, la distribuci\u00f3n de los mismos. Todo influye en el resultado final.<\/p>\n<h2>\u00bfQuiere quedar satisfecho con la reforma de su buhardilla en Alicante?<\/h2>\n<p>En dereformasenalicante.com contamos con un equipo de grandes profesionales que cuidar\u00e1n hasta el m\u00e1s m\u00ednimo detalle de su buhardilla. No deber\u00e1 preocuparse por nada ya que <a title=\"Empresas reformas Alicante\" href=\"http:\/\/www.dereformasenalicante.com\" target=\"_blank\">trabajamos con las mejores empresas de reformas en Alicante<\/a>.\u00a0Rellene nuestro <a title=\"Pedir presupuesto para reformar buhardilla.\" href=\"http:\/\/www.dereformasenalicante.com\/formulario.php\" target=\"_blank\">formulario\u00a0para pedir presupuesto sin compromiso<\/a>. No se arrepentir\u00e1.<\/p>\n","protected":false},"excerpt":{"rendered":"<p>\u00bfEst\u00e1 pensando en realizar una reforma en su buhardilla en Alicante? \u00bfNecesita aprovechar los espacios muertos de su buhardilla? La buhardilla de una casa es un lugar muy vers\u00e1til. Una buhardilla puede convertirse en un estudio, una sala de juegos para los m\u00e1s peque\u00f1os, una habitaci\u00f3n, una sala de lectura, un sal\u00f3n\u2026\u00a0 En muchas ocasiones, [&hellip;]<\/p>\n","protected":false},"author":3,"featured_media":0,"comment_status":"open","ping_status":"closed","sticky":false,"template":"","format":"standard","meta":[],"categories":[12],"tags":[18],"yoast_head":"<!-- This site is optimized with the Yoast SEO plugin v14.4.1 - https:\/\/yoast.com\/wordpress\/plugins\/seo\/ -->\n<meta name=\"robots\" content=\"index, follow\" \/>\n<meta name=\"googlebot\" content=\"index, follow, max-snippet:-1, max-image-preview:large, max-video-preview:-1\" \/>\n<meta name=\"bingbot\" content=\"index, follow, max-snippet:-1, max-image-preview:large, max-video-preview:-1\" \/>\n<link rel=\"canonical\" href=\"https:\/\/www.dereformasenalicante.com\/blog\/index.php\/reformas-en-buhardillas\/\" \/>\n<meta property=\"og:locale\" content=\"es_ES\" \/>\n<meta property=\"og:type\" content=\"article\" \/>\n<meta property=\"og:title\" content=\"Reformas en Buhardillas - Reformas en Alicante\" \/>\n<meta property=\"og:description\" content=\"\u00bfEst\u00e1 pensando en realizar una reforma en su buhardilla en Alicante? \u00bfNecesita aprovechar los espacios muertos de su buhardilla? La buhardilla de una casa es un lugar muy vers\u00e1til. Una buhardilla puede convertirse en un estudio, una sala de juegos para los m\u00e1s peque\u00f1os, una habitaci\u00f3n, una sala de lectura, un sal\u00f3n\u2026\u00a0 En muchas ocasiones, [&hellip;]\" \/>\n<meta property=\"og:url\" content=\"https:\/\/www.dereformasenalicante.com\/blog\/index.php\/reformas-en-buhardillas\/\" \/>\n<meta property=\"og:site_name\" content=\"Reformas en Alicante\" \/>\n<meta property=\"article:published_time\" content=\"2013-02-06T21:50:42+00:00\" \/>\n<meta property=\"article:modified_time\" content=\"2013-02-06T22:21:28+00:00\" \/>\n<meta property=\"og:image\" content=\"https:\/\/www.dereformasenalicante.com\/blog\/wp-content\/uploads\/2013\/02\/buhardilla2-300x225.jpg\" \/>\n<script type=\"application\/ld+json\" class=\"yoast-schema-graph\">{\"@context\":\"https:\/\/schema.org\",\"@graph\":[{\"@type\":\"WebSite\",\"@id\":\"https:\/\/www.dereformasenalicante.com\/blog\/#website\",\"url\":\"https:\/\/www.dereformasenalicante.com\/blog\/\",\"name\":\"Reformas en Alicante\",\"description\":\"blog | dereformasenalicante.com\",\"potentialAction\":[{\"@type\":\"SearchAction\",\"target\":\"https:\/\/www.dereformasenalicante.com\/blog\/?s={search_term_string}\",\"query-input\":\"required name=search_term_string\"}],\"inLanguage\":\"es\"},{\"@type\":\"ImageObject\",\"@id\":\"https:\/\/www.dereformasenalicante.com\/blog\/index.php\/reformas-en-buhardillas\/#primaryimage\",\"inLanguage\":\"es\",\"url\":\"https:\/\/www.dereformasenalicante.com\/blog\/wp-content\/uploads\/2013\/02\/buhardilla2.jpg\",\"width\":\"640\",\"height\":\"480\",\"caption\":\"Reforma de buhardilla estilo r\\u00fastico\"},{\"@type\":\"WebPage\",\"@id\":\"https:\/\/www.dereformasenalicante.com\/blog\/index.php\/reformas-en-buhardillas\/#webpage\",\"url\":\"https:\/\/www.dereformasenalicante.com\/blog\/index.php\/reformas-en-buhardillas\/\",\"name\":\"Reformas en Buhardillas - Reformas en Alicante\",\"isPartOf\":{\"@id\":\"https:\/\/www.dereformasenalicante.com\/blog\/#website\"},\"primaryImageOfPage\":{\"@id\":\"https:\/\/www.dereformasenalicante.com\/blog\/index.php\/reformas-en-buhardillas\/#primaryimage\"},\"datePublished\":\"2013-02-06T21:50:42+00:00\",\"dateModified\":\"2013-02-06T22:21:28+00:00\",\"author\":{\"@id\":\"https:\/\/www.dereformasenalicante.com\/blog\/#\/schema\/person\/58b5fab45b72609564bb508e91049a7c\"},\"inLanguage\":\"es\",\"potentialAction\":[{\"@type\":\"ReadAction\",\"target\":[\"https:\/\/www.dereformasenalicante.com\/blog\/index.php\/reformas-en-buhardillas\/\"]}]},{\"@type\":[\"Person\"],\"@id\":\"https:\/\/www.dereformasenalicante.com\/blog\/#\/schema\/person\/58b5fab45b72609564bb508e91049a7c\",\"name\":\"Reformas en Alicante\",\"image\":{\"@type\":\"ImageObject\",\"@id\":\"https:\/\/www.dereformasenalicante.com\/blog\/#personlogo\",\"inLanguage\":\"es\",\"url\":\"https:\/\/secure.gravatar.com\/avatar\/10a623d2d2158187eceb1ef9a790e524?s=96&d=mm&r=g\",\"caption\":\"Reformas en Alicante\"}}]}<\/script>\n<!-- \/ Yoast SEO plugin. -->","_links":{"self":[{"href":"https:\/\/www.dereformasenalicante.com\/blog\/index.php\/wp-json\/wp\/v2\/posts\/654"}],"collection":[{"href":"https:\/\/www.dereformasenalicante.com\/blog\/index.php\/wp-json\/wp\/v2\/posts"}],"about":[{"href":"https:\/\/www.dereformasenalicante.com\/blog\/index.php\/wp-json\/wp\/v2\/types\/post"}],"author":[{"embeddable":true,"href":"https:\/\/www.dereformasenalicante.com\/blog\/index.php\/wp-json\/wp\/v2\/users\/3"}],"replies":[{"embeddable":true,"href":"https:\/\/www.dereformasenalicante.com\/blog\/index.php\/wp-json\/wp\/v2\/comments?post=654"}],"version-history":[{"count":12,"href":"https:\/\/www.dereformasenalicante.com\/blog\/index.php\/wp-json\/wp\/v2\/posts\/654\/revisions"}],"predecessor-version":[{"id":656,"href":"https:\/\/www.dereformasenalicante.com\/blog\/index.php\/wp-json\/wp\/v2\/posts\/654\/revisions\/656"}],"wp:attachment":[{"href":"https:\/\/www.dereformasenalicante.com\/blog\/index.php\/wp-json\/wp\/v2\/media?parent=654"}],"wp:term":[{"taxonomy":"category","embeddable":true,"href":"https:\/\/www.dereformasenalicante.com\/blog\/index.php\/wp-json\/wp\/v2\/categories?post=654"},{"taxonomy":"post_tag","embeddable":true,"href":"https:\/\/www.dereformasenalicante.com\/blog\/index.php\/wp-json\/wp\/v2\/tags?post=654"}],"curies":[{"name":"wp","href":"https:\/\/api.w.org\/{rel}","templated":true}]}}