{"id":25,"date":"2012-05-19T01:59:07","date_gmt":"2012-05-18T23:59:07","guid":{"rendered":"http:\/\/dereformasenalicante.com\/blog\/?p=25"},"modified":"2012-11-04T00:53:54","modified_gmt":"2012-11-03T23:53:54","slug":"la-reforma-del-bano-es-tan-importante-como-la-de-cualquier-estancia-de-una-vivienda","status":"publish","type":"post","link":"https:\/\/www.dereformasenalicante.com\/blog\/index.php\/la-reforma-del-bano-es-tan-importante-como-la-de-cualquier-estancia-de-una-vivienda\/","title":{"rendered":"La reforma del ba\u00f1o es tan importante como la de cualquier estancia de una vivienda.."},"content":{"rendered":"<h1><a title=\"Reformas de ba\u00f1os\" href=\"http:\/\/www.dereformasenalicante.com\/reforma_banos_alicante.php\" target=\"_blank\">Las reformas de un cuarto de ba\u00f1o<\/a>, actualmente deben tener un toque moderno, elegante y pr\u00e1ctico.<\/h1>\n<p><a href=\"https:\/\/www.dereformasenalicante.com\/blog\/wp-content\/uploads\/2012\/05\/BAOS_L1.jpg\"><img loading=\"lazy\" class=\"alignleft size-thumbnail wp-image-26\" title=\"BAOS_L~1\" src=\"https:\/\/www.dereformasenalicante.com\/blog\/wp-content\/uploads\/2012\/05\/BAOS_L1-150x150.jpg\" alt=\"ba\u00f1o de lujo\" width=\"150\" height=\"150\" \/><\/a>Las tendencias en el dise\u00f1o de los Ba\u00f1os son varias, pero\u00a0la gran mayor\u00eda\u00a0est\u00e1n enfocadas a un solo prop\u00f3sito; retomar la relevancia de estas estancias\u00a0como parte esencial en la ambientaci\u00f3n de interiores. En cuanto a la decoraci\u00f3n de los muebles para cuartos de ba\u00f1o, las nuevas tendencias ofrecen\u00a0una gran variedad de\u00a0combinaciones y aprovechamiento excepcional del espacio con infinidad de\u00a0colores como Wenge, gray, roble claro,\u00a0maderas nobles, r\u00fasticas o lacadas. a d\u00eda de hoy, las tradicionales ba\u00f1eras se han visto reemplazadas en gran parte por los platos con duchas verticales, unas de mampara rectangular, otras semicirculares, etc. De igual manera se puede optar por una columna de hidromasaje con diferentes chorros de agua los cuales producen efectos terap\u00e9uticos\u00a0 muy saludables y al mismo tiempo provocan\u00a0sensaciones placenteras muy agradables.<\/p>\n<p>En cuanto al \u00a0dise\u00f1o de las paredes ya no\u00a0se estila\u00a0con las l\u00edneas horizontales de l\u00edstelo tradicional, sino que se logra con l\u00ednea de cer\u00e1mica de otro color, y se alterna con franjas verticales que destacan la colocaci\u00f3n de los aparatos sanitarios.<\/p>\n<p>As\u00ed mismo en los lavamanos predomina el uso de los sobrepuestos con formas ovaladas, circulares y dise\u00f1os irregulares en colores neutros como el blanco y hueso, lavamanos encastrados en materiales como la cer\u00e1mica, m\u00e1rmol, acero inoxidable y el cristal.<\/p>\n<p align=\"justify\">Esta nueva moda en lavabos ha sido el resultado de la ola del minimalismo, donde la tendencia\u00a0apunta a\u00a0estilos decorativos m\u00e1s simples, no solo en el mobiliario sino en los apliques.\u00a0<\/p>\n<p align=\"justify\">Los espejos, tambi\u00e9n de formas inusuales, ocupan un papel muy importante en la decoraci\u00f3n de un cuarto de ba\u00f1o, as\u00ed mismo los muebles y las estanter\u00edas\u00a0para la colocaci\u00f3n de accesorios personales. En el \u00e1rea de cer\u00e1micas encontramos diferentes opciones, por una parte, aceros inoxidable y cobre o bien acabados met\u00e1licos entre otros.<\/p>\n<p align=\"justify\">Las llaves empotradas en la pared o en la misma base vienen de colores dorados, plateados y satinados. Se pueden instalar sobre placas e acero inoxidable, herrer\u00eda, cristal, azulejos,bases de madera\u00a0o m\u00e1rmol.<\/p>\n<p align=\"justify\">Lo que si que es cierto es que cada cliente que quiere hacer <a title=\"Reformas en Alicante\" href=\"http:\/\/www.dereformasenalicante.com\/reformas_en_alicante.php\" target=\"_blank\">reformas en Alicante<\/a> en su cuarto de ba\u00f1o, tiene un gusto lo m\u00e1s similar al resto de las personas que pretenden ejecutar una obra, pero todos siempre tienen algo en com\u00fan basado en la moda que se estile en ese determinado momento.<\/p>\n","protected":false},"excerpt":{"rendered":"<p>Las reformas de un cuarto de ba\u00f1o, actualmente deben tener un toque moderno, elegante y pr\u00e1ctico. Las tendencias en el dise\u00f1o de los Ba\u00f1os son varias, pero\u00a0la gran mayor\u00eda\u00a0est\u00e1n enfocadas a un solo prop\u00f3sito; retomar la relevancia de estas estancias\u00a0como parte esencial en la ambientaci\u00f3n de interiores. En cuanto a la decoraci\u00f3n de los muebles [&hellip;]<\/p>\n","protected":false},"author":3,"featured_media":0,"comment_status":"open","ping_status":"closed","sticky":false,"template":"","format":"standard","meta":[],"categories":[12],"tags":[5],"yoast_head":"<!-- This site is optimized with the Yoast SEO plugin v14.4.1 - https:\/\/yoast.com\/wordpress\/plugins\/seo\/ -->\n<meta name=\"robots\" content=\"index, follow\" \/>\n<meta name=\"googlebot\" content=\"index, follow, max-snippet:-1, max-image-preview:large, max-video-preview:-1\" \/>\n<meta name=\"bingbot\" content=\"index, follow, max-snippet:-1, max-image-preview:large, max-video-preview:-1\" \/>\n<link rel=\"canonical\" href=\"https:\/\/www.dereformasenalicante.com\/blog\/index.php\/la-reforma-del-bano-es-tan-importante-como-la-de-cualquier-estancia-de-una-vivienda\/\" \/>\n<meta property=\"og:locale\" content=\"es_ES\" \/>\n<meta property=\"og:type\" content=\"article\" \/>\n<meta property=\"og:title\" content=\"La reforma del ba\u00f1o es tan importante como la de cualquier estancia de una vivienda.. - Reformas en Alicante\" \/>\n<meta property=\"og:description\" content=\"Las reformas de un cuarto de ba\u00f1o, actualmente deben tener un toque moderno, elegante y pr\u00e1ctico. Las tendencias en el dise\u00f1o de los Ba\u00f1os son varias, pero\u00a0la gran mayor\u00eda\u00a0est\u00e1n enfocadas a un solo prop\u00f3sito; retomar la relevancia de estas estancias\u00a0como parte esencial en la ambientaci\u00f3n de interiores. En cuanto a la decoraci\u00f3n de los muebles [&hellip;]\" \/>\n<meta property=\"og:url\" content=\"https:\/\/www.dereformasenalicante.com\/blog\/index.php\/la-reforma-del-bano-es-tan-importante-como-la-de-cualquier-estancia-de-una-vivienda\/\" \/>\n<meta property=\"og:site_name\" content=\"Reformas en Alicante\" \/>\n<meta property=\"article:published_time\" content=\"2012-05-18T23:59:07+00:00\" \/>\n<meta property=\"article:modified_time\" content=\"2012-11-03T23:53:54+00:00\" \/>\n<meta property=\"og:image\" content=\"https:\/\/www.dereformasenalicante.com\/blog\/wp-content\/uploads\/2012\/05\/BAOS_L1-150x150.jpg\" \/>\n<script type=\"application\/ld+json\" class=\"yoast-schema-graph\">{\"@context\":\"https:\/\/schema.org\",\"@graph\":[{\"@type\":\"WebSite\",\"@id\":\"https:\/\/www.dereformasenalicante.com\/blog\/#website\",\"url\":\"https:\/\/www.dereformasenalicante.com\/blog\/\",\"name\":\"Reformas en Alicante\",\"description\":\"blog | dereformasenalicante.com\",\"potentialAction\":[{\"@type\":\"SearchAction\",\"target\":\"https:\/\/www.dereformasenalicante.com\/blog\/?s={search_term_string}\",\"query-input\":\"required name=search_term_string\"}],\"inLanguage\":\"es\"},{\"@type\":\"ImageObject\",\"@id\":\"https:\/\/www.dereformasenalicante.com\/blog\/index.php\/la-reforma-del-bano-es-tan-importante-como-la-de-cualquier-estancia-de-una-vivienda\/#primaryimage\",\"inLanguage\":\"es\",\"url\":\"https:\/\/www.dereformasenalicante.com\/blog\/wp-content\/uploads\/2012\/05\/BAOS_L1.jpg\",\"width\":\"477\",\"height\":\"285\",\"caption\":\"ba\\u00f1o de lujo\"},{\"@type\":\"WebPage\",\"@id\":\"https:\/\/www.dereformasenalicante.com\/blog\/index.php\/la-reforma-del-bano-es-tan-importante-como-la-de-cualquier-estancia-de-una-vivienda\/#webpage\",\"url\":\"https:\/\/www.dereformasenalicante.com\/blog\/index.php\/la-reforma-del-bano-es-tan-importante-como-la-de-cualquier-estancia-de-una-vivienda\/\",\"name\":\"La reforma del ba\\u00f1o es tan importante como la de cualquier estancia de una vivienda.. - Reformas en Alicante\",\"isPartOf\":{\"@id\":\"https:\/\/www.dereformasenalicante.com\/blog\/#website\"},\"primaryImageOfPage\":{\"@id\":\"https:\/\/www.dereformasenalicante.com\/blog\/index.php\/la-reforma-del-bano-es-tan-importante-como-la-de-cualquier-estancia-de-una-vivienda\/#primaryimage\"},\"datePublished\":\"2012-05-18T23:59:07+00:00\",\"dateModified\":\"2012-11-03T23:53:54+00:00\",\"author\":{\"@id\":\"https:\/\/www.dereformasenalicante.com\/blog\/#\/schema\/person\/58b5fab45b72609564bb508e91049a7c\"},\"inLanguage\":\"es\",\"potentialAction\":[{\"@type\":\"ReadAction\",\"target\":[\"https:\/\/www.dereformasenalicante.com\/blog\/index.php\/la-reforma-del-bano-es-tan-importante-como-la-de-cualquier-estancia-de-una-vivienda\/\"]}]},{\"@type\":[\"Person\"],\"@id\":\"https:\/\/www.dereformasenalicante.com\/blog\/#\/schema\/person\/58b5fab45b72609564bb508e91049a7c\",\"name\":\"Reformas en Alicante\",\"image\":{\"@type\":\"ImageObject\",\"@id\":\"https:\/\/www.dereformasenalicante.com\/blog\/#personlogo\",\"inLanguage\":\"es\",\"url\":\"https:\/\/secure.gravatar.com\/avatar\/10a623d2d2158187eceb1ef9a790e524?s=96&d=mm&r=g\",\"caption\":\"Reformas en Alicante\"}}]}<\/script>\n<!-- \/ Yoast SEO plugin. -->","_links":{"self":[{"href":"https:\/\/www.dereformasenalicante.com\/blog\/index.php\/wp-json\/wp\/v2\/posts\/25"}],"collection":[{"href":"https:\/\/www.dereformasenalicante.com\/blog\/index.php\/wp-json\/wp\/v2\/posts"}],"about":[{"href":"https:\/\/www.dereformasenalicante.com\/blog\/index.php\/wp-json\/wp\/v2\/types\/post"}],"author":[{"embeddable":true,"href":"https:\/\/www.dereformasenalicante.com\/blog\/index.php\/wp-json\/wp\/v2\/users\/3"}],"replies":[{"embeddable":true,"href":"https:\/\/www.dereformasenalicante.com\/blog\/index.php\/wp-json\/wp\/v2\/comments?post=25"}],"version-history":[{"count":9,"href":"https:\/\/www.dereformasenalicante.com\/blog\/index.php\/wp-json\/wp\/v2\/posts\/25\/revisions"}],"predecessor-version":[{"id":505,"href":"https:\/\/www.dereformasenalicante.com\/blog\/index.php\/wp-json\/wp\/v2\/posts\/25\/revisions\/505"}],"wp:attachment":[{"href":"https:\/\/www.dereformasenalicante.com\/blog\/index.php\/wp-json\/wp\/v2\/media?parent=25"}],"wp:term":[{"taxonomy":"category","embeddable":true,"href":"https:\/\/www.dereformasenalicante.com\/blog\/index.php\/wp-json\/wp\/v2\/categories?post=25"},{"taxonomy":"post_tag","embeddable":true,"href":"https:\/\/www.dereformasenalicante.com\/blog\/index.php\/wp-json\/wp\/v2\/tags?post=25"}],"curies":[{"name":"wp","href":"https:\/\/api.w.org\/{rel}","templated":true}]}}