{"id":1147,"date":"2019-03-05T12:50:09","date_gmt":"2019-03-05T11:50:09","guid":{"rendered":"http:\/\/dereformasenalicante.com\/blog\/?p=1147"},"modified":"2019-03-05T12:53:31","modified_gmt":"2019-03-05T11:53:31","slug":"instalacion-electrica-olvidada-ambito-reformas","status":"publish","type":"post","link":"https:\/\/www.dereformasenalicante.com\/blog\/index.php\/instalacion-electrica-olvidada-ambito-reformas\/","title":{"rendered":"La instalaci\u00f3n el\u00e9ctrica, una olvidada dentro del \u00e1mbito de las reformas"},"content":{"rendered":"<p><img loading=\"lazy\" class=\"alignnone size-full wp-image-1149\" src=\"https:\/\/www.dereformasenalicante.com\/blog\/wp-content\/uploads\/2019\/03\/instalacion-electrica-vivienda.jpg\" alt=\"Instalaci\u00f3n el\u00e9ctrica de una vivienda\" width=\"640\" height=\"389\" srcset=\"https:\/\/www.dereformasenalicante.com\/blog\/wp-content\/uploads\/2019\/03\/instalacion-electrica-vivienda.jpg 640w, https:\/\/www.dereformasenalicante.com\/blog\/wp-content\/uploads\/2019\/03\/instalacion-electrica-vivienda-300x182.jpg 300w\" sizes=\"(max-width: 640px) 100vw, 640px\" \/><\/p>\n<p>A la hora de hacer una reforma, siempre pensamos de\u00a0 qu\u00e9 color vamos a pintar las paredes, qu\u00e9 tipo de azulejos le ir\u00edan bien al ba\u00f1o o qu\u00e9 material vamos a utilizar para las superficies de la cocina. Sin embargo, muchas veces no consideramos que hay partes de nuestro hogar que tambi\u00e9n necesitan una renovaci\u00f3n, como las tuber\u00edas o la instalaci\u00f3n el\u00e9ctrica.<\/p>\n<h2>Un componente muy importante de nuestro hogar<\/h2>\n<p>\u00bfTe has parado a pensar en lo importante que es la electricidad? Sin esta no podr\u00edas cocinar ni usar tu ordenador, tampoco podr\u00edas secarte el pelo o iluminar tu casa cuando se hiciese de noche.<\/p>\n<p><strong>La electricidad tiene un papel muy importante en nuestro d\u00eda a d\u00eda, pero no solemos darnos cuenta de ello hasta que empiezan los problemas<\/strong>. Y no nos referimos \u00fanicamente a que se vaya la luz durante unas horas, sino que la causante de todo sea la propia instalaci\u00f3n.<\/p>\n<h3>\u00bfC\u00f3mo saber cu\u00e1l es el momento adecuado para cambiar una instalaci\u00f3n el\u00e9ctrica?<\/h3>\n<p>A veces, <strong>puede resultar un poco complicado determinar cu\u00e1ndo es el mejor momento para echar un vistazo a la instalaci\u00f3n el\u00e9ctrica<\/strong>. No resulta tan intuitivo como la decoraci\u00f3n o los sanitarios, ya que el paso del tiempo se refleja muy bien en estos.<\/p>\n<p><strong>Lo mejor es que te sit\u00faes en el momento en el que se construy\u00f3 tu casa<\/strong>, ya que si nunca se ha cambiado esta instalaci\u00f3n, es muy probable que vaya siendo hora de considerar esta opci\u00f3n. Muchas empresas de reformas integrales ofrecen entre sus servicios trabajos de electricidad, que eval\u00faan el estado de la instalaci\u00f3n actual para evitar fallos que a la larga pueden resultar catastr\u00f3ficos, como electrocuciones o incendios.<\/p>\n<h3>La iluminaci\u00f3n como elemento decorativo<\/h3>\n<p>M\u00e1s all\u00e1 de su utilidad, la iluminaci\u00f3n tambi\u00e9n puede dar mucho juego. Desde juegos de luces hasta l\u00e1mparas de todo tipo, <strong>la electricidad puede convertirse en un gran aliado para crear distintos ambientes y darle un toque diferente a cada habitaci\u00f3n<\/strong>.<\/p>\n<p>Si lo que buscas es estrenar tu nueva instalaci\u00f3n de calidad por todo lo alto, <a href=\"https:\/\/www.kivole.com\/decoracion\/iluminacion-lamparas\/\" target=\"_blank\" rel=\"noopener\">Kivole<\/a> ofrece un cat\u00e1logo donde encontrar\u00e1s la l\u00e1mpara perfecta para cada estilo. Apuesta por las l\u00edneas sencillas del modelo Expresi\u00f3n o atr\u00e9vete con el dise\u00f1o moderno pero sofisticado del Bourgie. \u00a1Tienes opciones para todos los gustos!<\/p>\n<p>Una instalaci\u00f3n el\u00e9ctrica de calidad es sin\u00f3nimo de funcionalidad y seguridad, ya que si no se cumplen estos dos requisitos, nuestro hogar puede convertirse en una trampa mortal. Si renuevas, hazlo con todas las garant\u00edas y disfruta de la mejor iluminaci\u00f3n combin\u00e1ndola con la decoraci\u00f3n.<\/p>\n","protected":false},"excerpt":{"rendered":"<p>A la hora de hacer una reforma, siempre pensamos de\u00a0 qu\u00e9 color vamos a pintar las paredes, qu\u00e9 tipo de azulejos le ir\u00edan bien al ba\u00f1o o qu\u00e9 material vamos a utilizar para las superficies de la cocina. Sin embargo, muchas veces no consideramos que hay partes de nuestro hogar que tambi\u00e9n necesitan una renovaci\u00f3n, [&hellip;]<\/p>\n","protected":false},"author":3,"featured_media":1149,"comment_status":"open","ping_status":"closed","sticky":false,"template":"","format":"standard","meta":[],"categories":[62],"tags":[],"yoast_head":"<!-- This site is optimized with the Yoast SEO plugin v14.4.1 - https:\/\/yoast.com\/wordpress\/plugins\/seo\/ -->\n<meta name=\"robots\" content=\"index, follow\" \/>\n<meta name=\"googlebot\" content=\"index, follow, max-snippet:-1, max-image-preview:large, max-video-preview:-1\" \/>\n<meta name=\"bingbot\" content=\"index, follow, max-snippet:-1, max-image-preview:large, max-video-preview:-1\" \/>\n<link rel=\"canonical\" href=\"https:\/\/www.dereformasenalicante.com\/blog\/index.php\/instalacion-electrica-olvidada-ambito-reformas\/\" \/>\n<meta property=\"og:locale\" content=\"es_ES\" \/>\n<meta property=\"og:type\" content=\"article\" \/>\n<meta property=\"og:title\" content=\"La instalaci\u00f3n el\u00e9ctrica, una olvidada dentro del \u00e1mbito de las reformas - Reformas en Alicante\" \/>\n<meta property=\"og:description\" content=\"A la hora de hacer una reforma, siempre pensamos de\u00a0 qu\u00e9 color vamos a pintar las paredes, qu\u00e9 tipo de azulejos le ir\u00edan bien al ba\u00f1o o qu\u00e9 material vamos a utilizar para las superficies de la cocina. Sin embargo, muchas veces no consideramos que hay partes de nuestro hogar que tambi\u00e9n necesitan una renovaci\u00f3n, [&hellip;]\" \/>\n<meta property=\"og:url\" content=\"https:\/\/www.dereformasenalicante.com\/blog\/index.php\/instalacion-electrica-olvidada-ambito-reformas\/\" \/>\n<meta property=\"og:site_name\" content=\"Reformas en Alicante\" \/>\n<meta property=\"article:published_time\" content=\"2019-03-05T11:50:09+00:00\" \/>\n<meta property=\"article:modified_time\" content=\"2019-03-05T11:53:31+00:00\" \/>\n<meta property=\"og:image\" content=\"https:\/\/www.dereformasenalicante.com\/blog\/wp-content\/uploads\/2019\/03\/instalacion-electrica-vivienda.jpg\" \/>\n\t<meta property=\"og:image:width\" content=\"640\" \/>\n\t<meta property=\"og:image:height\" content=\"389\" \/>\n<script type=\"application\/ld+json\" class=\"yoast-schema-graph\">{\"@context\":\"https:\/\/schema.org\",\"@graph\":[{\"@type\":\"WebSite\",\"@id\":\"https:\/\/www.dereformasenalicante.com\/blog\/#website\",\"url\":\"https:\/\/www.dereformasenalicante.com\/blog\/\",\"name\":\"Reformas en Alicante\",\"description\":\"blog | dereformasenalicante.com\",\"potentialAction\":[{\"@type\":\"SearchAction\",\"target\":\"https:\/\/www.dereformasenalicante.com\/blog\/?s={search_term_string}\",\"query-input\":\"required name=search_term_string\"}],\"inLanguage\":\"es\"},{\"@type\":\"ImageObject\",\"@id\":\"https:\/\/www.dereformasenalicante.com\/blog\/index.php\/instalacion-electrica-olvidada-ambito-reformas\/#primaryimage\",\"inLanguage\":\"es\",\"url\":\"https:\/\/www.dereformasenalicante.com\/blog\/wp-content\/uploads\/2019\/03\/instalacion-electrica-vivienda.jpg\",\"width\":640,\"height\":389,\"caption\":\"Instalaci\\u00f3n el\\u00e9ctrica de una vivienda\"},{\"@type\":\"WebPage\",\"@id\":\"https:\/\/www.dereformasenalicante.com\/blog\/index.php\/instalacion-electrica-olvidada-ambito-reformas\/#webpage\",\"url\":\"https:\/\/www.dereformasenalicante.com\/blog\/index.php\/instalacion-electrica-olvidada-ambito-reformas\/\",\"name\":\"La instalaci\\u00f3n el\\u00e9ctrica, una olvidada dentro del \\u00e1mbito de las reformas - Reformas en Alicante\",\"isPartOf\":{\"@id\":\"https:\/\/www.dereformasenalicante.com\/blog\/#website\"},\"primaryImageOfPage\":{\"@id\":\"https:\/\/www.dereformasenalicante.com\/blog\/index.php\/instalacion-electrica-olvidada-ambito-reformas\/#primaryimage\"},\"datePublished\":\"2019-03-05T11:50:09+00:00\",\"dateModified\":\"2019-03-05T11:53:31+00:00\",\"author\":{\"@id\":\"https:\/\/www.dereformasenalicante.com\/blog\/#\/schema\/person\/58b5fab45b72609564bb508e91049a7c\"},\"inLanguage\":\"es\",\"potentialAction\":[{\"@type\":\"ReadAction\",\"target\":[\"https:\/\/www.dereformasenalicante.com\/blog\/index.php\/instalacion-electrica-olvidada-ambito-reformas\/\"]}]},{\"@type\":[\"Person\"],\"@id\":\"https:\/\/www.dereformasenalicante.com\/blog\/#\/schema\/person\/58b5fab45b72609564bb508e91049a7c\",\"name\":\"Reformas en Alicante\",\"image\":{\"@type\":\"ImageObject\",\"@id\":\"https:\/\/www.dereformasenalicante.com\/blog\/#personlogo\",\"inLanguage\":\"es\",\"url\":\"https:\/\/secure.gravatar.com\/avatar\/10a623d2d2158187eceb1ef9a790e524?s=96&d=mm&r=g\",\"caption\":\"Reformas en Alicante\"}}]}<\/script>\n<!-- \/ Yoast SEO plugin. -->","_links":{"self":[{"href":"https:\/\/www.dereformasenalicante.com\/blog\/index.php\/wp-json\/wp\/v2\/posts\/1147"}],"collection":[{"href":"https:\/\/www.dereformasenalicante.com\/blog\/index.php\/wp-json\/wp\/v2\/posts"}],"about":[{"href":"https:\/\/www.dereformasenalicante.com\/blog\/index.php\/wp-json\/wp\/v2\/types\/post"}],"author":[{"embeddable":true,"href":"https:\/\/www.dereformasenalicante.com\/blog\/index.php\/wp-json\/wp\/v2\/users\/3"}],"replies":[{"embeddable":true,"href":"https:\/\/www.dereformasenalicante.com\/blog\/index.php\/wp-json\/wp\/v2\/comments?post=1147"}],"version-history":[{"count":5,"href":"https:\/\/www.dereformasenalicante.com\/blog\/index.php\/wp-json\/wp\/v2\/posts\/1147\/revisions"}],"predecessor-version":[{"id":1154,"href":"https:\/\/www.dereformasenalicante.com\/blog\/index.php\/wp-json\/wp\/v2\/posts\/1147\/revisions\/1154"}],"wp:featuredmedia":[{"embeddable":true,"href":"https:\/\/www.dereformasenalicante.com\/blog\/index.php\/wp-json\/wp\/v2\/media\/1149"}],"wp:attachment":[{"href":"https:\/\/www.dereformasenalicante.com\/blog\/index.php\/wp-json\/wp\/v2\/media?parent=1147"}],"wp:term":[{"taxonomy":"category","embeddable":true,"href":"https:\/\/www.dereformasenalicante.com\/blog\/index.php\/wp-json\/wp\/v2\/categories?post=1147"},{"taxonomy":"post_tag","embeddable":true,"href":"https:\/\/www.dereformasenalicante.com\/blog\/index.php\/wp-json\/wp\/v2\/tags?post=1147"}],"curies":[{"name":"wp","href":"https:\/\/api.w.org\/{rel}","templated":true}]}}