{"id":1062,"date":"2018-02-20T11:36:38","date_gmt":"2018-02-20T10:36:38","guid":{"rendered":"http:\/\/dereformasenalicante.com\/blog\/?p=1062"},"modified":"2018-02-20T11:36:38","modified_gmt":"2018-02-20T10:36:38","slug":"cambiar-cortina-ducha-por-mampara","status":"publish","type":"post","link":"https:\/\/www.dereformasenalicante.com\/blog\/index.php\/cambiar-cortina-ducha-por-mampara\/","title":{"rendered":"Beneficios de cambiar la cortina de ducha o ba\u00f1era por una mampara"},"content":{"rendered":"<p>A la hora de decorar el ba\u00f1o, siempre ha existido un debate por encima de cualquier otro: mampara o cortina. Lo que antes era una rivalidad en igualdad de condiciones, el auge del interiorismo ha convertido en una batalla con claro ganador: la mampara. Tanto a nivel est\u00e9tico como a nivel de usabilidad, este elemento ha consolidado su presencia en los ba\u00f1os del siglo XXI por motivos m\u00e1s que evidentes. Si a\u00fan te est\u00e1s planteando <strong>c\u00f3mo poner el broche final a tu ducha o ba\u00f1era<\/strong>, cuando leas esto no te quedar\u00e1 ninguna duda.<\/p>\n<p><img loading=\"lazy\" class=\"size-full wp-image-1064 aligncenter\" src=\"https:\/\/www.dereformasenalicante.com\/blog\/wp-content\/uploads\/2018\/02\/mampara-ducha.jpg\" alt=\"Mampara de ducha, la mejor opci\u00f3n para un ba\u00f1o moderno\" width=\"640\" height=\"427\" srcset=\"https:\/\/www.dereformasenalicante.com\/blog\/wp-content\/uploads\/2018\/02\/mampara-ducha.jpg 640w, https:\/\/www.dereformasenalicante.com\/blog\/wp-content\/uploads\/2018\/02\/mampara-ducha-300x200.jpg 300w\" sizes=\"(max-width: 640px) 100vw, 640px\" \/><\/p>\n<p>\u00bfPor qu\u00e9 la mampara es un elemento a a\u00f1os luz de la cortina? En primer lugar, habr\u00eda que hacer menci\u00f3n a una caracter\u00edstica esencial, la virtud m\u00e1s imprescindible por encima de cualquier otra para un ba\u00f1o: la higiene. En este aspecto, <strong>las prestaciones que ofrece una mampara est\u00e1n muy por encima de las de cualquier tipo de cortina<\/strong>, que suelen acabar convirti\u00e9ndose en el principal foco de bacterias de una ducha. Incluso con una limpieza exhaustiva, siempre quedar\u00e1 alg\u00fan germen danzando por tu ba\u00f1era si sigues utilizando una cortina y no una mampara.<\/p>\n<p>Pero no es solo cuesti\u00f3n de cuidar la higiene, sino tambi\u00e9n, y aunque parezca algo superfluo, de aparentarla. Y en este sentido, <strong>cualquier cortina h\u00fameda, ya sea de tela o de pl\u00e1stico, ofrece una sensaci\u00f3n mucho menos pulcra<\/strong> que una mampara.<\/p>\n<h2>La mampara, un elemento m\u00e1s completo m\u00e1s all\u00e1 de la higiene<\/h2>\n<p>Otro de los factores que m\u00e1s se tienen en cuenta para comparar ambos productos es la versatilidad que ofrece cada uno. Lo que parec\u00eda una batalla ganada por la cortina, la evoluci\u00f3n de las mamparas se ha encargado de igualar. Solo hace falta echar un vistazo a cualquier web experta en la materia (como por ejemplo, la de <a href=\"http:\/\/europebath.com\/\" target=\"_blank\" rel=\"noopener noreferrer\">Europebath<\/a>) para comprobar que<strong> hoy por hoy existen modelos de mampara adaptables a cualquier tipo de ducha o ba\u00f1era<\/strong>, por conflictiva que sea la estructura del espacio en el que haya que instalarla.<\/p>\n<p>Pero sin duda, en el terreno donde la mampara gana por goleada a su eterno rival es en la <strong>usabilidad.<\/strong> No hace falta ser un lince para saber cu\u00e1l es el objetivo que comparten ambos elementos: hacer que el agua solo salpique en el interior de la ducha o ba\u00f1era. No es necesario explicar nada para saber que cualquier tipo de mampara ser\u00e1 mejor defensa contra las gotas que una cortina, \u00bfno?<\/p>\n<p>Si adem\u00e1s, eres un amante del interiorismo y sigues las \u00faltimas tendencias en decoraci\u00f3n, sabr\u00e1s sin ninguna duda que <strong>con una mampara, tu ba\u00f1o tendr\u00e1 una imagen mucho m\u00e1s moderna que con cualquier cortina<\/strong>. Mientras un elemento rompe el espacio, el otro lo mejora dejando pasar la luz y dando una sensaci\u00f3n de lugar di\u00e1fano que tanto gusta en la actualidad.<\/p>\n<p><strong>Higiene, versatilidad, usabilidad y est\u00e9tica<\/strong>, cuatro factores que hacen que el debate entre ambos elementos sea totalmente inexistente. Cualquier gusto es respetable, pero lo cierto es que la mampara est\u00e1 muy por encima de lo que es capaz de ofrecer la mejor de las cortinas.<\/p>\n","protected":false},"excerpt":{"rendered":"<p>A la hora de decorar el ba\u00f1o, siempre ha existido un debate por encima de cualquier otro: mampara o cortina. Lo que antes era una rivalidad en igualdad de condiciones, el auge del interiorismo ha convertido en una batalla con claro ganador: la mampara. Tanto a nivel est\u00e9tico como a nivel de usabilidad, este elemento [&hellip;]<\/p>\n","protected":false},"author":3,"featured_media":1064,"comment_status":"open","ping_status":"closed","sticky":false,"template":"","format":"standard","meta":[],"categories":[83],"tags":[106,105],"yoast_head":"<!-- This site is optimized with the Yoast SEO plugin v14.4.1 - https:\/\/yoast.com\/wordpress\/plugins\/seo\/ -->\n<meta name=\"description\" content=\"\u00bfPensando en reformar tu ba\u00f1o? Te contamos cu\u00e1les son las diferencias y entre la cortina de ducha y mampara y qu\u00e9 ventajas tiene la \u00faltima \u00a1Presume de ba\u00f1o!\" \/>\n<meta name=\"robots\" content=\"index, follow\" \/>\n<meta name=\"googlebot\" content=\"index, follow, max-snippet:-1, max-image-preview:large, max-video-preview:-1\" \/>\n<meta name=\"bingbot\" content=\"index, follow, max-snippet:-1, max-image-preview:large, max-video-preview:-1\" \/>\n<link rel=\"canonical\" href=\"https:\/\/www.dereformasenalicante.com\/blog\/index.php\/cambiar-cortina-ducha-por-mampara\/\" \/>\n<meta property=\"og:locale\" content=\"es_ES\" \/>\n<meta property=\"og:type\" content=\"article\" \/>\n<meta property=\"og:title\" content=\"\u00bfCortina de ducha o mampara? - Reformas en Alicante\" \/>\n<meta property=\"og:description\" content=\"\u00bfPensando en reformar tu ba\u00f1o? Te contamos cu\u00e1les son las diferencias y entre la cortina de ducha y mampara y qu\u00e9 ventajas tiene la \u00faltima \u00a1Presume de ba\u00f1o!\" \/>\n<meta property=\"og:url\" content=\"https:\/\/www.dereformasenalicante.com\/blog\/index.php\/cambiar-cortina-ducha-por-mampara\/\" \/>\n<meta property=\"og:site_name\" content=\"Reformas en Alicante\" \/>\n<meta property=\"article:published_time\" content=\"2018-02-20T10:36:38+00:00\" \/>\n<meta property=\"og:image\" content=\"https:\/\/www.dereformasenalicante.com\/blog\/wp-content\/uploads\/2018\/02\/mampara-ducha.jpg\" \/>\n\t<meta property=\"og:image:width\" content=\"640\" \/>\n\t<meta property=\"og:image:height\" content=\"427\" \/>\n<script type=\"application\/ld+json\" class=\"yoast-schema-graph\">{\"@context\":\"https:\/\/schema.org\",\"@graph\":[{\"@type\":\"WebSite\",\"@id\":\"https:\/\/www.dereformasenalicante.com\/blog\/#website\",\"url\":\"https:\/\/www.dereformasenalicante.com\/blog\/\",\"name\":\"Reformas en Alicante\",\"description\":\"blog | dereformasenalicante.com\",\"potentialAction\":[{\"@type\":\"SearchAction\",\"target\":\"https:\/\/www.dereformasenalicante.com\/blog\/?s={search_term_string}\",\"query-input\":\"required name=search_term_string\"}],\"inLanguage\":\"es\"},{\"@type\":\"ImageObject\",\"@id\":\"https:\/\/www.dereformasenalicante.com\/blog\/index.php\/cambiar-cortina-ducha-por-mampara\/#primaryimage\",\"inLanguage\":\"es\",\"url\":\"https:\/\/www.dereformasenalicante.com\/blog\/wp-content\/uploads\/2018\/02\/mampara-ducha.jpg\",\"width\":640,\"height\":427,\"caption\":\"Mampara de ducha, la mejor opci\\u00f3n para un ba\\u00f1o moderno\"},{\"@type\":\"WebPage\",\"@id\":\"https:\/\/www.dereformasenalicante.com\/blog\/index.php\/cambiar-cortina-ducha-por-mampara\/#webpage\",\"url\":\"https:\/\/www.dereformasenalicante.com\/blog\/index.php\/cambiar-cortina-ducha-por-mampara\/\",\"name\":\"\\u00bfCortina de ducha o mampara? - Reformas en Alicante\",\"isPartOf\":{\"@id\":\"https:\/\/www.dereformasenalicante.com\/blog\/#website\"},\"primaryImageOfPage\":{\"@id\":\"https:\/\/www.dereformasenalicante.com\/blog\/index.php\/cambiar-cortina-ducha-por-mampara\/#primaryimage\"},\"datePublished\":\"2018-02-20T10:36:38+00:00\",\"dateModified\":\"2018-02-20T10:36:38+00:00\",\"author\":{\"@id\":\"https:\/\/www.dereformasenalicante.com\/blog\/#\/schema\/person\/58b5fab45b72609564bb508e91049a7c\"},\"description\":\"\\u00bfPensando en reformar tu ba\\u00f1o? Te contamos cu\\u00e1les son las diferencias y entre la cortina de ducha y mampara y qu\\u00e9 ventajas tiene la \\u00faltima \\u00a1Presume de ba\\u00f1o!\",\"inLanguage\":\"es\",\"potentialAction\":[{\"@type\":\"ReadAction\",\"target\":[\"https:\/\/www.dereformasenalicante.com\/blog\/index.php\/cambiar-cortina-ducha-por-mampara\/\"]}]},{\"@type\":[\"Person\"],\"@id\":\"https:\/\/www.dereformasenalicante.com\/blog\/#\/schema\/person\/58b5fab45b72609564bb508e91049a7c\",\"name\":\"Reformas en Alicante\",\"image\":{\"@type\":\"ImageObject\",\"@id\":\"https:\/\/www.dereformasenalicante.com\/blog\/#personlogo\",\"inLanguage\":\"es\",\"url\":\"https:\/\/secure.gravatar.com\/avatar\/10a623d2d2158187eceb1ef9a790e524?s=96&d=mm&r=g\",\"caption\":\"Reformas en Alicante\"}}]}<\/script>\n<!-- \/ Yoast SEO plugin. -->","_links":{"self":[{"href":"https:\/\/www.dereformasenalicante.com\/blog\/index.php\/wp-json\/wp\/v2\/posts\/1062"}],"collection":[{"href":"https:\/\/www.dereformasenalicante.com\/blog\/index.php\/wp-json\/wp\/v2\/posts"}],"about":[{"href":"https:\/\/www.dereformasenalicante.com\/blog\/index.php\/wp-json\/wp\/v2\/types\/post"}],"author":[{"embeddable":true,"href":"https:\/\/www.dereformasenalicante.com\/blog\/index.php\/wp-json\/wp\/v2\/users\/3"}],"replies":[{"embeddable":true,"href":"https:\/\/www.dereformasenalicante.com\/blog\/index.php\/wp-json\/wp\/v2\/comments?post=1062"}],"version-history":[{"count":3,"href":"https:\/\/www.dereformasenalicante.com\/blog\/index.php\/wp-json\/wp\/v2\/posts\/1062\/revisions"}],"predecessor-version":[{"id":1066,"href":"https:\/\/www.dereformasenalicante.com\/blog\/index.php\/wp-json\/wp\/v2\/posts\/1062\/revisions\/1066"}],"wp:featuredmedia":[{"embeddable":true,"href":"https:\/\/www.dereformasenalicante.com\/blog\/index.php\/wp-json\/wp\/v2\/media\/1064"}],"wp:attachment":[{"href":"https:\/\/www.dereformasenalicante.com\/blog\/index.php\/wp-json\/wp\/v2\/media?parent=1062"}],"wp:term":[{"taxonomy":"category","embeddable":true,"href":"https:\/\/www.dereformasenalicante.com\/blog\/index.php\/wp-json\/wp\/v2\/categories?post=1062"},{"taxonomy":"post_tag","embeddable":true,"href":"https:\/\/www.dereformasenalicante.com\/blog\/index.php\/wp-json\/wp\/v2\/tags?post=1062"}],"curies":[{"name":"wp","href":"https:\/\/api.w.org\/{rel}","templated":true}]}}